{"id":216,"date":"2013-08-02T16:18:34","date_gmt":"2013-08-02T19:18:34","guid":{"rendered":"https:\/\/lageevo.crp.ufv.br\/?p=216"},"modified":"2013-08-02T21:14:36","modified_gmt":"2013-08-03T00:14:36","slug":"lageevo-na-escola","status":"publish","type":"post","link":"https:\/\/lageevo.crp.ufv.br\/?p=216","title":{"rendered":"LaGEEvo na Escola"},"content":{"rendered":"<p>Cumprindo o cronograma das atividades do projeto &#8220;<a href=\"https:\/\/lageevo.crp.ufv.br\/?cat=5\" target=\"_blank\">Biodiversidade da ictiofauna do trecho superior do rio Parana\u00edba &#8211; estrat\u00e9gias para educa\u00e7\u00e3o ambiental<\/a>&#8220;, financiado pela <a href=\"http:\/\/fundacaogrupoboticario.org.br\" target=\"_blank\">Funda\u00e7\u00e3o Grupo Botic\u00e1rio<\/a>, equipes do Laborat\u00f3rio de Gen\u00e9tica Ecol\u00f3gica e Evolutiva do campus de Rio Parana\u00edba da Universidade Federal de Vi\u00e7osa est\u00e3o ministrando palestras e atividades com crian\u00e7as e jovens de escolas p\u00fablicas da regi\u00e3o.<\/p>\n<p>As atividades tiveram in\u00edcio com o Ensino M\u00e9dio da Escola Estadual Adiron Gon\u00e7alves Boaventura e crian\u00e7as de 1a. a 3a. s\u00e9rie do Ensino Fundamental da\u00a0Escola Estadual Jos\u00e9 Lu\u00eds de Ara\u00fajo\u00a0em Rio Parana\u00edba, e se estender\u00e3o a todos os alunos da escola. Para cada faixa et\u00e1ria foram programadas atividades diferenciadas, sempre com as quest\u00f5es sobre a \u00e1gua, peixes e biodiversidade.<\/p>\n<div id=\"attachment_217\" style=\"width: 970px\" class=\"wp-caption aligncenter\"><a href=\"https:\/\/lageevo.crp.ufv.br\/wp-content\/uploads\/2013\/08\/1a-serie.jpg\"><img loading=\"lazy\" decoding=\"async\" aria-describedby=\"caption-attachment-217\" class=\"size-full wp-image-217\" alt=\"1a serie\" src=\"https:\/\/lageevo.crp.ufv.br\/wp-content\/uploads\/2013\/08\/1a-serie.jpg\" width=\"960\" height=\"720\" \/><\/a><p id=\"caption-attachment-217\" class=\"wp-caption-text\">Alunos da 1a. s\u00e9rie nas atividades sobre biodiversidade<\/p><\/div>\n<div id=\"attachment_218\" style=\"width: 970px\" class=\"wp-caption aligncenter\"><a href=\"https:\/\/lageevo.crp.ufv.br\/wp-content\/uploads\/2013\/08\/em.jpg\"><img loading=\"lazy\" decoding=\"async\" aria-describedby=\"caption-attachment-218\" class=\"size-full wp-image-218\" alt=\"Parte da equipe do Laborat\u00f3rio de Gen\u00e9tica Ecol\u00f3gica e Evolutiva em apresenta\u00e7\u00e3o no Ensino M\u00e9dio\" src=\"https:\/\/lageevo.crp.ufv.br\/wp-content\/uploads\/2013\/08\/em.jpg\" width=\"960\" height=\"720\" srcset=\"https:\/\/lageevo.crp.ufv.br\/wp-content\/uploads\/2013\/08\/em.jpg 960w, https:\/\/lageevo.crp.ufv.br\/wp-content\/uploads\/2013\/08\/em-300x225.jpg 300w\" sizes=\"auto, (max-width: 960px) 100vw, 960px\" \/><\/a><p id=\"caption-attachment-218\" class=\"wp-caption-text\">Parte da equipe do Laborat\u00f3rio de Gen\u00e9tica Ecol\u00f3gica e Evolutiva em apresenta\u00e7\u00e3o no Ensino M\u00e9dio<\/p><\/div>\n<p>&nbsp;<\/p>\n<p>&nbsp;<\/p>\n<p>&nbsp;<\/p>\n","protected":false},"excerpt":{"rendered":"<p>Cumprindo o cronograma das atividades do projeto &#8220;Biodiversidade da ictiofauna do trecho superior do rio Parana\u00edba &#8211; estrat\u00e9gias para educa\u00e7\u00e3o ambiental&#8220;, financiado pela Funda\u00e7\u00e3o Grupo Botic\u00e1rio, equipes do Laborat\u00f3rio de Gen\u00e9tica Ecol\u00f3gica e Evolutiva do campus de Rio Parana\u00edba da Universidade Federal de Vi\u00e7osa est\u00e3o ministrando palestras e atividades com crian\u00e7as e jovens de escolas [&hellip;]<\/p>\n","protected":false},"author":1,"featured_media":0,"comment_status":"open","ping_status":"open","sticky":false,"template":"","format":"standard","meta":{"footnotes":""},"categories":[1],"tags":[21,12,32,33],"class_list":["post-216","post","type-post","status-publish","format-standard","hentry","category-blognews","tag-biodiversidade","tag-divulgacao-cientifica","tag-educacao-ambiental","tag-peixes"],"_links":{"self":[{"href":"https:\/\/lageevo.crp.ufv.br\/index.php?rest_route=\/wp\/v2\/posts\/216","targetHints":{"allow":["GET"]}}],"collection":[{"href":"https:\/\/lageevo.crp.ufv.br\/index.php?rest_route=\/wp\/v2\/posts"}],"about":[{"href":"https:\/\/lageevo.crp.ufv.br\/index.php?rest_route=\/wp\/v2\/types\/post"}],"author":[{"embeddable":true,"href":"https:\/\/lageevo.crp.ufv.br\/index.php?rest_route=\/wp\/v2\/users\/1"}],"replies":[{"embeddable":true,"href":"https:\/\/lageevo.crp.ufv.br\/index.php?rest_route=%2Fwp%2Fv2%2Fcomments&post=216"}],"version-history":[{"count":2,"href":"https:\/\/lageevo.crp.ufv.br\/index.php?rest_route=\/wp\/v2\/posts\/216\/revisions"}],"predecessor-version":[{"id":222,"href":"https:\/\/lageevo.crp.ufv.br\/index.php?rest_route=\/wp\/v2\/posts\/216\/revisions\/222"}],"wp:attachment":[{"href":"https:\/\/lageevo.crp.ufv.br\/index.php?rest_route=%2Fwp%2Fv2%2Fmedia&parent=216"}],"wp:term":[{"taxonomy":"category","embeddable":true,"href":"https:\/\/lageevo.crp.ufv.br\/index.php?rest_route=%2Fwp%2Fv2%2Fcategories&post=216"},{"taxonomy":"post_tag","embeddable":true,"href":"https:\/\/lageevo.crp.ufv.br\/index.php?rest_route=%2Fwp%2Fv2%2Ftags&post=216"}],"curies":[{"name":"wp","href":"https:\/\/api.w.org\/{rel}","templated":true}]}}