{"id":51,"date":"2011-09-06T08:46:48","date_gmt":"2011-09-06T11:46:48","guid":{"rendered":"https:\/\/lageevo.crp.ufv.br\/?p=51"},"modified":"2011-09-06T17:04:13","modified_gmt":"2011-09-06T20:04:13","slug":"biodiversidade-da-ictiofauna-do-trecho-superior-do-rio-paranaiba-%e2%80%93-estrategias-para-educacao-ambiental","status":"publish","type":"post","link":"https:\/\/lageevo.crp.ufv.br\/?p=51","title":{"rendered":"Biodiversidade da ictiofauna do trecho superior do rio Parana\u00edba \u2013 Estrat\u00e9gias para Educa\u00e7\u00e3o Ambiental"},"content":{"rendered":"<p>A conserva\u00e7\u00e3o da biodiversidade envolve muitas etapas, que passam pelo conhecimento da biodiversidade, avalia\u00e7\u00e3o da\u00a0situa\u00e7\u00e3o do meio ambiente na qual os organismos vivem e planos conserva\u00e7\u00e3o de \u00e1reas degradadas e manejo de esp\u00e9cies\u00a0amea\u00e7adas. Tais propostas de conserva\u00e7\u00e3o e manejo, entretanto, n\u00e3o s\u00e3o eficientes sem o apoio da popula\u00e7\u00e3o, que vir\u00e1 com o\u00a0conhecimento acerca da biodiversidade local. Neste sentido, a presente proposta tem como objetivo principal realizar um\u00a0levantamento da ictiofauna do trecho superior da bacia do rio Parana\u00edba, um importante formador do rio Paran\u00e1 e tornar esta\u00a0informa\u00e7\u00e3o dispon\u00edvel para a comunidade em geral atrav\u00e9s de material did\u00e1tico e palestras.<\/p>\n<p>Ser\u00e3o realizadas coletas\u00a0sistematizadas da ictiofauna neste trecho e, com os dados obtidos, ser\u00e3o elaborados material como folders, panfletos, cartazes\u00a0e calend\u00e1rios para distribui\u00e7\u00e3o para a popula\u00e7\u00e3o. Al\u00e9m disso, cursos para professores de ensino b\u00e1sico e palestras para crian\u00e7as\u00a0e jovens ser\u00e3o ministrados utilizando-se o conhecimento que ser\u00e1 obtido pela pesquisa.<\/p>\n<p>Estas a\u00e7\u00f5es poder\u00e3o auxiliar em\u00a0eventuais futuros planos de manejo e repovoamento na regi\u00e3o, que \u00e9 caracterizada pelo grande impacto da agropecu\u00e1ria.<\/p>\n<p>Projeto financiado pela Funda\u00e7\u00e3o O Botic\u00e1rio:\u00a0<strong>R$ 25.254,00<\/strong><\/p>\n<p><a href=\"http:\/\/www.fundacaogrupoboticario.org.br\/PT-BR\/Paginas\/Flash\/Home.aspx\"><img loading=\"lazy\" decoding=\"async\" class=\"alignnone size-full wp-image-65\" title=\"boticario\" src=\"https:\/\/lageevo.crp.ufv.br\/wp-content\/uploads\/2011\/09\/boticario.gif\" alt=\"\" width=\"173\" height=\"120\" \/><\/a><\/p>\n","protected":false},"excerpt":{"rendered":"<p>A conserva\u00e7\u00e3o da biodiversidade envolve muitas etapas, que passam pelo conhecimento da biodiversidade, avalia\u00e7\u00e3o da\u00a0situa\u00e7\u00e3o do meio ambiente na qual os organismos vivem e planos conserva\u00e7\u00e3o de \u00e1reas degradadas e manejo de esp\u00e9cies\u00a0amea\u00e7adas. Tais propostas de conserva\u00e7\u00e3o e manejo, entretanto, n\u00e3o s\u00e3o eficientes sem o apoio da popula\u00e7\u00e3o, que vir\u00e1 com o\u00a0conhecimento acerca da biodiversidade [&hellip;]<\/p>\n","protected":false},"author":1,"featured_media":0,"comment_status":"open","ping_status":"open","sticky":false,"template":"","format":"standard","meta":{"footnotes":""},"categories":[3,5],"tags":[21,23,22],"class_list":["post-51","post","type-post","status-publish","format-standard","hentry","category-extensao","category-pesquisa","tag-biodiversidade","tag-divulgacao","tag-ictiofauna"],"_links":{"self":[{"href":"https:\/\/lageevo.crp.ufv.br\/index.php?rest_route=\/wp\/v2\/posts\/51","targetHints":{"allow":["GET"]}}],"collection":[{"href":"https:\/\/lageevo.crp.ufv.br\/index.php?rest_route=\/wp\/v2\/posts"}],"about":[{"href":"https:\/\/lageevo.crp.ufv.br\/index.php?rest_route=\/wp\/v2\/types\/post"}],"author":[{"embeddable":true,"href":"https:\/\/lageevo.crp.ufv.br\/index.php?rest_route=\/wp\/v2\/users\/1"}],"replies":[{"embeddable":true,"href":"https:\/\/lageevo.crp.ufv.br\/index.php?rest_route=%2Fwp%2Fv2%2Fcomments&post=51"}],"version-history":[{"count":4,"href":"https:\/\/lageevo.crp.ufv.br\/index.php?rest_route=\/wp\/v2\/posts\/51\/revisions"}],"predecessor-version":[{"id":66,"href":"https:\/\/lageevo.crp.ufv.br\/index.php?rest_route=\/wp\/v2\/posts\/51\/revisions\/66"}],"wp:attachment":[{"href":"https:\/\/lageevo.crp.ufv.br\/index.php?rest_route=%2Fwp%2Fv2%2Fmedia&parent=51"}],"wp:term":[{"taxonomy":"category","embeddable":true,"href":"https:\/\/lageevo.crp.ufv.br\/index.php?rest_route=%2Fwp%2Fv2%2Fcategories&post=51"},{"taxonomy":"post_tag","embeddable":true,"href":"https:\/\/lageevo.crp.ufv.br\/index.php?rest_route=%2Fwp%2Fv2%2Ftags&post=51"}],"curies":[{"name":"wp","href":"https:\/\/api.w.org\/{rel}","templated":true}]}}