{"id":88,"date":"2011-09-07T14:37:42","date_gmt":"2011-09-07T17:37:42","guid":{"rendered":"https:\/\/lageevo.crp.ufv.br\/?p=88"},"modified":"2017-02-01T14:46:14","modified_gmt":"2017-02-01T17:46:14","slug":"semeando-ciencia","status":"publish","type":"post","link":"https:\/\/lageevo.crp.ufv.br\/?p=88","title":{"rendered":"Semeando Ci\u00eancia"},"content":{"rendered":"<p>Rio Parana\u00edba encontra-se em uma regi\u00e3o de amplo crescimento e desenvolvimento agr\u00e1rio. Uma regi\u00e3o com alta produtividade agr\u00edcola nos mais diversos produtos, principalmente caf\u00e9, cenoura, cebola, alho e batata.<\/p>\n<p>Ora, se semeia-se de tudo e tudo cresce e se desenvolve bem, porque n\u00e3o semear ci\u00eancia? Este \u00e9 o objetivo do Programa de Extens\u00e3o <strong>Semeando Ci\u00eancia<\/strong>, que abriga os projetos de extens\u00e3o do Laborat\u00f3rio de Gen\u00e9tica Ecol\u00f3gica e Evolutiva.<\/p>\n<p>Atualmente conta com tr\u00eas projetos de extens\u00e3o oficialmente regulamentados na UFV, e com outros em fase de implanta\u00e7\u00e3o. Abaixo voc\u00ea pode acessar o link dos projetos.<\/p>\n<p>Nosso objetivo \u00e9 realizar divulga\u00e7\u00e3o cient\u00edfica em todos os n\u00edveis e em todas as m\u00eddias, contribuindo para a erradica\u00e7\u00e3o do analfabetismo cient\u00edfico do Brasil.<\/p>\n","protected":false},"excerpt":{"rendered":"<p>Rio Parana\u00edba encontra-se em uma regi\u00e3o de amplo crescimento e desenvolvimento agr\u00e1rio. Uma regi\u00e3o com alta produtividade agr\u00edcola nos mais diversos produtos, principalmente caf\u00e9, cenoura, cebola, alho e batata. Ora, se semeia-se de tudo e tudo cresce e se desenvolve bem, porque n\u00e3o semear ci\u00eancia? Este \u00e9 o objetivo do Programa de Extens\u00e3o Semeando Ci\u00eancia, [&hellip;]<\/p>\n","protected":false},"author":1,"featured_media":0,"comment_status":"open","ping_status":"open","sticky":false,"template":"","format":"standard","meta":{"footnotes":""},"categories":[3],"tags":[],"class_list":["post-88","post","type-post","status-publish","format-standard","hentry","category-extensao"],"_links":{"self":[{"href":"https:\/\/lageevo.crp.ufv.br\/index.php?rest_route=\/wp\/v2\/posts\/88","targetHints":{"allow":["GET"]}}],"collection":[{"href":"https:\/\/lageevo.crp.ufv.br\/index.php?rest_route=\/wp\/v2\/posts"}],"about":[{"href":"https:\/\/lageevo.crp.ufv.br\/index.php?rest_route=\/wp\/v2\/types\/post"}],"author":[{"embeddable":true,"href":"https:\/\/lageevo.crp.ufv.br\/index.php?rest_route=\/wp\/v2\/users\/1"}],"replies":[{"embeddable":true,"href":"https:\/\/lageevo.crp.ufv.br\/index.php?rest_route=%2Fwp%2Fv2%2Fcomments&post=88"}],"version-history":[{"count":3,"href":"https:\/\/lageevo.crp.ufv.br\/index.php?rest_route=\/wp\/v2\/posts\/88\/revisions"}],"predecessor-version":[{"id":316,"href":"https:\/\/lageevo.crp.ufv.br\/index.php?rest_route=\/wp\/v2\/posts\/88\/revisions\/316"}],"wp:attachment":[{"href":"https:\/\/lageevo.crp.ufv.br\/index.php?rest_route=%2Fwp%2Fv2%2Fmedia&parent=88"}],"wp:term":[{"taxonomy":"category","embeddable":true,"href":"https:\/\/lageevo.crp.ufv.br\/index.php?rest_route=%2Fwp%2Fv2%2Fcategories&post=88"},{"taxonomy":"post_tag","embeddable":true,"href":"https:\/\/lageevo.crp.ufv.br\/index.php?rest_route=%2Fwp%2Fv2%2Ftags&post=88"}],"curies":[{"name":"wp","href":"https:\/\/api.w.org\/{rel}","templated":true}]}}